{"id":526,"date":"2023-04-24T19:51:14","date_gmt":"2023-04-24T17:51:14","guid":{"rendered":"http:\/\/www.trachtenverein-sulzberg.at\/?p=526"},"modified":"2023-04-24T19:51:14","modified_gmt":"2023-04-24T17:51:14","slug":"kochabend-fuer-maenner","status":"publish","type":"post","link":"http:\/\/www.trachtenverein-sulzberg.at\/?p=526","title":{"rendered":"Kochabend f\u00fcr M\u00e4nner"},"content":{"rendered":"<p style=\"text-align: left;\">Eine K\u00fcche, f\u00fcnf K\u00f6che und eine K\u00f6chin, ganz viel gute Laune, Interesse und Freude.<\/p>\n<p>All das konnte man beim Kochabend f\u00fcr M\u00e4nner, am 17.03.2023, im Haus zur Marienlinde finden. Der Trachtenverein lud unsere m\u00e4nnlichen Vereinsmitglieder zu einer geselligen Kochrunde ein, bei der Raimund und Bernadette Bereuter ihr Wissen mit unseren Trachtentr\u00e4gern\/K\u00f6chen teilten.<\/p>\n<p>Das Endergebnis war ein sehr gelungenes 4-G\u00e4nge Men\u00fc, bei dem sich die Trachtentr\u00e4gerinnen und Trachtentr\u00e4ger kulinarisch verw\u00f6hnen lassen konnten.<\/p>\n<p>Ein herzliches Dankesch\u00f6n an Bernadette und Raimund Bereuter f\u00fcr das Kochen mit unseren Trachtentr\u00e4gern, an den Vorstand f\u00fcr die Organisation, an unsere Mitglieder, die der Einladung gefolgt sind und an all jene, die zu diesem gelungenen Abend beigetragen haben.<\/p>\n<p>&nbsp;<\/p>\n<p><a href=\"http:\/\/www.trachtenverein-sulzberg.at\/?page_id=523\">Hier geht\u00b4s zur Fotogalerie<\/a><\/p>\n<p>&nbsp;<\/p>\n","protected":false},"excerpt":{"rendered":"<p>Eine K\u00fcche, f\u00fcnf K\u00f6che und eine K\u00f6chin, ganz viel gute Laune, Interesse und Freude. All das konnte man beim Kochabend f\u00fcr M\u00e4nner, am 17.03.2023, im Haus zur Marienlinde finden. Der Trachtenverein lud unsere m\u00e4nnlichen Vereinsmitglieder zu einer geselligen Kochrunde ein, bei der Raimund und Bernadette Bereuter ihr Wissen mit unseren Trachtentr\u00e4gern\/K\u00f6chen teilten. Das Endergebnis war [&hellip;]<\/p>\n","protected":false},"author":2,"featured_media":527,"comment_status":"open","ping_status":"open","sticky":false,"template":"","format":"standard","meta":[],"categories":[2],"tags":[],"_links":{"self":[{"href":"http:\/\/www.trachtenverein-sulzberg.at\/index.php?rest_route=\/wp\/v2\/posts\/526"}],"collection":[{"href":"http:\/\/www.trachtenverein-sulzberg.at\/index.php?rest_route=\/wp\/v2\/posts"}],"about":[{"href":"http:\/\/www.trachtenverein-sulzberg.at\/index.php?rest_route=\/wp\/v2\/types\/post"}],"author":[{"embeddable":true,"href":"http:\/\/www.trachtenverein-sulzberg.at\/index.php?rest_route=\/wp\/v2\/users\/2"}],"replies":[{"embeddable":true,"href":"http:\/\/www.trachtenverein-sulzberg.at\/index.php?rest_route=%2Fwp%2Fv2%2Fcomments&post=526"}],"version-history":[{"count":1,"href":"http:\/\/www.trachtenverein-sulzberg.at\/index.php?rest_route=\/wp\/v2\/posts\/526\/revisions"}],"predecessor-version":[{"id":528,"href":"http:\/\/www.trachtenverein-sulzberg.at\/index.php?rest_route=\/wp\/v2\/posts\/526\/revisions\/528"}],"wp:featuredmedia":[{"embeddable":true,"href":"http:\/\/www.trachtenverein-sulzberg.at\/index.php?rest_route=\/wp\/v2\/media\/527"}],"wp:attachment":[{"href":"http:\/\/www.trachtenverein-sulzberg.at\/index.php?rest_route=%2Fwp%2Fv2%2Fmedia&parent=526"}],"wp:term":[{"taxonomy":"category","embeddable":true,"href":"http:\/\/www.trachtenverein-sulzberg.at\/index.php?rest_route=%2Fwp%2Fv2%2Fcategories&post=526"},{"taxonomy":"post_tag","embeddable":true,"href":"http:\/\/www.trachtenverein-sulzberg.at\/index.php?rest_route=%2Fwp%2Fv2%2Ftags&post=526"}],"curies":[{"name":"wp","href":"https:\/\/api.w.org\/{rel}","templated":true}]}}