{"id":579,"date":"2023-07-30T19:52:51","date_gmt":"2023-07-30T17:52:51","guid":{"rendered":"http:\/\/www.trachtenverein-sulzberg.at\/?p=579"},"modified":"2023-11-11T20:11:27","modified_gmt":"2023-11-11T19:11:27","slug":"grillfest-2023","status":"publish","type":"post","link":"http:\/\/www.trachtenverein-sulzberg.at\/?p=579","title":{"rendered":"Grillfest 2023"},"content":{"rendered":"<p>Wundersch\u00f6nes &amp; hei\u00dfes Sommerwetter, eine toller neuer Balkon und viele fr\u00f6hliche Mitglieder unseres Trachtenvereins &#8211;\u00a0das sind doch die besten Voraussetzungen f\u00fcr ein Sommergrillfest!<\/p>\n<p>Am 23.07.2023\u00a0war der Trachtenverein zum Grillfestle bei unserer Vorstandsbeir\u00e4tin Bernadette und ihrem Mann Raimund Bereuter eingeladen.<\/p>\n<p>Gemeinsam kochten\u00a0der Vorstand und unser &#8222;TVS-Sternekoch&#8220; Raimund f\u00fcr die Vereinsmitglieder auf.\u00a0 Leckere Salate, regionales Fleisch, Dessert &#8211; was will man mehr?\u00a0Auch Kuchen und Kaffee d\u00fcrfen bei so einem Anlass nicht fehlen.<\/p>\n<p>Und was macht man am besten, um in geselliger Runde noch ein wenig zu verweilen? Nat\u00fcrlich das, was die Trachtler sehr gerne gemeinsam tun &#8211; Singen und Musik machen.<\/p>\n<p>Wir sagen danke an alle &#8211; f\u00fcrs unterst\u00fctzten, helfen, kommen, loben und dabei sein!<\/p>\n<p>&nbsp;<\/p>\n<p><a href=\"http:\/\/www.trachtenverein-sulzberg.at\/?page_id=576\">Hier geht\u00b4s noch zu den Bildern vom Grillfest 2023<\/a><\/p>\n","protected":false},"excerpt":{"rendered":"<p>Wundersch\u00f6nes &amp; hei\u00dfes Sommerwetter, eine toller neuer Balkon und viele fr\u00f6hliche Mitglieder unseres Trachtenvereins &#8211;\u00a0das sind doch die besten Voraussetzungen f\u00fcr ein Sommergrillfest! Am 23.07.2023\u00a0war der Trachtenverein zum Grillfestle bei unserer Vorstandsbeir\u00e4tin Bernadette und ihrem Mann Raimund Bereuter eingeladen. Gemeinsam kochten\u00a0der Vorstand und unser &#8222;TVS-Sternekoch&#8220; Raimund f\u00fcr die Vereinsmitglieder auf.\u00a0 Leckere Salate, regionales Fleisch, Dessert [&hellip;]<\/p>\n","protected":false},"author":2,"featured_media":580,"comment_status":"open","ping_status":"open","sticky":false,"template":"","format":"standard","meta":[],"categories":[2],"tags":[],"_links":{"self":[{"href":"http:\/\/www.trachtenverein-sulzberg.at\/index.php?rest_route=\/wp\/v2\/posts\/579"}],"collection":[{"href":"http:\/\/www.trachtenverein-sulzberg.at\/index.php?rest_route=\/wp\/v2\/posts"}],"about":[{"href":"http:\/\/www.trachtenverein-sulzberg.at\/index.php?rest_route=\/wp\/v2\/types\/post"}],"author":[{"embeddable":true,"href":"http:\/\/www.trachtenverein-sulzberg.at\/index.php?rest_route=\/wp\/v2\/users\/2"}],"replies":[{"embeddable":true,"href":"http:\/\/www.trachtenverein-sulzberg.at\/index.php?rest_route=%2Fwp%2Fv2%2Fcomments&post=579"}],"version-history":[{"count":1,"href":"http:\/\/www.trachtenverein-sulzberg.at\/index.php?rest_route=\/wp\/v2\/posts\/579\/revisions"}],"predecessor-version":[{"id":581,"href":"http:\/\/www.trachtenverein-sulzberg.at\/index.php?rest_route=\/wp\/v2\/posts\/579\/revisions\/581"}],"wp:featuredmedia":[{"embeddable":true,"href":"http:\/\/www.trachtenverein-sulzberg.at\/index.php?rest_route=\/wp\/v2\/media\/580"}],"wp:attachment":[{"href":"http:\/\/www.trachtenverein-sulzberg.at\/index.php?rest_route=%2Fwp%2Fv2%2Fmedia&parent=579"}],"wp:term":[{"taxonomy":"category","embeddable":true,"href":"http:\/\/www.trachtenverein-sulzberg.at\/index.php?rest_route=%2Fwp%2Fv2%2Fcategories&post=579"},{"taxonomy":"post_tag","embeddable":true,"href":"http:\/\/www.trachtenverein-sulzberg.at\/index.php?rest_route=%2Fwp%2Fv2%2Ftags&post=579"}],"curies":[{"name":"wp","href":"https:\/\/api.w.org\/{rel}","templated":true}]}}