{"id":584,"date":"2023-08-12T20:14:38","date_gmt":"2023-08-12T18:14:38","guid":{"rendered":"http:\/\/www.trachtenverein-sulzberg.at\/?p=584"},"modified":"2023-11-11T20:20:55","modified_gmt":"2023-11-11T19:20:55","slug":"bergfaescht-damuels-2023","status":"publish","type":"post","link":"http:\/\/www.trachtenverein-sulzberg.at\/?p=584","title":{"rendered":"Bergf\u00e4scht Dam\u00fcls 2023"},"content":{"rendered":"<p>Wir freuten uns sehr, als wir die Einladung zum Bergf\u00e4scht nach Dam\u00fcls erhielten.<\/p>\n<p>Am Samstag, den 05.08.2023, war es dann so weit und wir machten uns mit einem Bus auf den Weg ins doch sehr kalte Dam\u00fcls.<\/p>\n<p>Die Wetterbedingungen waren zwar leider nicht gerade ideal, jedoch senkte das unsere Freude und Stimmung im kleinen Festzelt kein bisschen.<\/p>\n<p>Danke an unseren Festf\u00fchrer, an unsere T\u00e4feletr\u00e4ger, an unseren Buschaffeur Raimund, an die Festveranstalter und noch viele mehr, die dieses gro\u00dfartige Fest erm\u00f6glicht und uns begleitet haben.<\/p>\n<p>&nbsp;<\/p>\n<p><a href=\"http:\/\/www.trachtenverein-sulzberg.at\/?page_id=582\">Hier noch ein paar Impressionen vom Fest.\u00a0<\/a><\/p>\n","protected":false},"excerpt":{"rendered":"<p>Wir freuten uns sehr, als wir die Einladung zum Bergf\u00e4scht nach Dam\u00fcls erhielten. Am Samstag, den 05.08.2023, war es dann so weit und wir machten uns mit einem Bus auf den Weg ins doch sehr kalte Dam\u00fcls. Die Wetterbedingungen waren zwar leider nicht gerade ideal, jedoch senkte das unsere Freude und Stimmung im kleinen Festzelt [&hellip;]<\/p>\n","protected":false},"author":2,"featured_media":586,"comment_status":"open","ping_status":"open","sticky":false,"template":"","format":"standard","meta":[],"categories":[2],"tags":[],"_links":{"self":[{"href":"http:\/\/www.trachtenverein-sulzberg.at\/index.php?rest_route=\/wp\/v2\/posts\/584"}],"collection":[{"href":"http:\/\/www.trachtenverein-sulzberg.at\/index.php?rest_route=\/wp\/v2\/posts"}],"about":[{"href":"http:\/\/www.trachtenverein-sulzberg.at\/index.php?rest_route=\/wp\/v2\/types\/post"}],"author":[{"embeddable":true,"href":"http:\/\/www.trachtenverein-sulzberg.at\/index.php?rest_route=\/wp\/v2\/users\/2"}],"replies":[{"embeddable":true,"href":"http:\/\/www.trachtenverein-sulzberg.at\/index.php?rest_route=%2Fwp%2Fv2%2Fcomments&post=584"}],"version-history":[{"count":1,"href":"http:\/\/www.trachtenverein-sulzberg.at\/index.php?rest_route=\/wp\/v2\/posts\/584\/revisions"}],"predecessor-version":[{"id":585,"href":"http:\/\/www.trachtenverein-sulzberg.at\/index.php?rest_route=\/wp\/v2\/posts\/584\/revisions\/585"}],"wp:featuredmedia":[{"embeddable":true,"href":"http:\/\/www.trachtenverein-sulzberg.at\/index.php?rest_route=\/wp\/v2\/media\/586"}],"wp:attachment":[{"href":"http:\/\/www.trachtenverein-sulzberg.at\/index.php?rest_route=%2Fwp%2Fv2%2Fmedia&parent=584"}],"wp:term":[{"taxonomy":"category","embeddable":true,"href":"http:\/\/www.trachtenverein-sulzberg.at\/index.php?rest_route=%2Fwp%2Fv2%2Fcategories&post=584"},{"taxonomy":"post_tag","embeddable":true,"href":"http:\/\/www.trachtenverein-sulzberg.at\/index.php?rest_route=%2Fwp%2Fv2%2Ftags&post=584"}],"curies":[{"name":"wp","href":"https:\/\/api.w.org\/{rel}","templated":true}]}}