{"id":591,"date":"2023-09-14T20:25:16","date_gmt":"2023-09-14T18:25:16","guid":{"rendered":"http:\/\/www.trachtenverein-sulzberg.at\/?p=591"},"modified":"2023-11-11T20:33:13","modified_gmt":"2023-11-11T19:33:13","slug":"trachtentag-2023","status":"publish","type":"post","link":"http:\/\/www.trachtenverein-sulzberg.at\/?p=591","title":{"rendered":"Trachtentag 2023"},"content":{"rendered":"<p>Am 10. September 2023 fand unser allj\u00e4hrlicher Trachtentag statt.<\/p>\n<p>An diesem Tag sind bei uns in der Gemeinde alle Trachtentr\u00e4ger und Trachtentr\u00e4gerinnen eingeladen gemeinsam den Gottesdienst zu feiern und danach noch beim gem\u00fctlichen Beisammensein zu verweilen.<\/p>\n<p>In diesem Jahr wurde unser Gottesdienst musikalisch von unserem Trachtench\u00f6rle und der W\u00e4lder Saitenmusik mitgestaltet. Danke an euch, an unseren Pfarrer Abidon und an alle, die bei der Messgestaltung mitgewirkt haben.<\/p>\n<p>Ein besonderer Dank gilt dem Obst- und Gartenbauverein und dem Musikverein Sulzberg, die nach dem feierlichen Gottesdienst f\u00fcr einen ordentlichen Fr\u00fchschoppen gesorgt haben, der sich noch bis in die Nachmittagsstunden zog.<\/p>\n<p>&nbsp;<\/p>\n<p><a href=\"http:\/\/www.trachtenverein-sulzberg.at\/?page_id=589\">Hier kommt ihr zu den Fotos vom Trachtentag 2023\u00a0<\/a><\/p>\n","protected":false},"excerpt":{"rendered":"<p>Am 10. September 2023 fand unser allj\u00e4hrlicher Trachtentag statt. An diesem Tag sind bei uns in der Gemeinde alle Trachtentr\u00e4ger und Trachtentr\u00e4gerinnen eingeladen gemeinsam den Gottesdienst zu feiern und danach noch beim gem\u00fctlichen Beisammensein zu verweilen. In diesem Jahr wurde unser Gottesdienst musikalisch von unserem Trachtench\u00f6rle und der W\u00e4lder Saitenmusik mitgestaltet. Danke an euch, an [&hellip;]<\/p>\n","protected":false},"author":2,"featured_media":594,"comment_status":"open","ping_status":"open","sticky":false,"template":"","format":"standard","meta":[],"categories":[2],"tags":[],"_links":{"self":[{"href":"http:\/\/www.trachtenverein-sulzberg.at\/index.php?rest_route=\/wp\/v2\/posts\/591"}],"collection":[{"href":"http:\/\/www.trachtenverein-sulzberg.at\/index.php?rest_route=\/wp\/v2\/posts"}],"about":[{"href":"http:\/\/www.trachtenverein-sulzberg.at\/index.php?rest_route=\/wp\/v2\/types\/post"}],"author":[{"embeddable":true,"href":"http:\/\/www.trachtenverein-sulzberg.at\/index.php?rest_route=\/wp\/v2\/users\/2"}],"replies":[{"embeddable":true,"href":"http:\/\/www.trachtenverein-sulzberg.at\/index.php?rest_route=%2Fwp%2Fv2%2Fcomments&post=591"}],"version-history":[{"count":1,"href":"http:\/\/www.trachtenverein-sulzberg.at\/index.php?rest_route=\/wp\/v2\/posts\/591\/revisions"}],"predecessor-version":[{"id":593,"href":"http:\/\/www.trachtenverein-sulzberg.at\/index.php?rest_route=\/wp\/v2\/posts\/591\/revisions\/593"}],"wp:featuredmedia":[{"embeddable":true,"href":"http:\/\/www.trachtenverein-sulzberg.at\/index.php?rest_route=\/wp\/v2\/media\/594"}],"wp:attachment":[{"href":"http:\/\/www.trachtenverein-sulzberg.at\/index.php?rest_route=%2Fwp%2Fv2%2Fmedia&parent=591"}],"wp:term":[{"taxonomy":"category","embeddable":true,"href":"http:\/\/www.trachtenverein-sulzberg.at\/index.php?rest_route=%2Fwp%2Fv2%2Fcategories&post=591"},{"taxonomy":"post_tag","embeddable":true,"href":"http:\/\/www.trachtenverein-sulzberg.at\/index.php?rest_route=%2Fwp%2Fv2%2Ftags&post=591"}],"curies":[{"name":"wp","href":"https:\/\/api.w.org\/{rel}","templated":true}]}}